{"id":5608,"date":"2026-04-27T20:34:30","date_gmt":"2026-04-27T23:34:30","guid":{"rendered":"https:\/\/cress-ba.org.br\/?p=5608"},"modified":"2026-04-27T20:34:31","modified_gmt":"2026-04-27T23:34:31","slug":"cfess-reafirma-posicionamento-contra-retrocessos-nos-direitos-de-criancas-e-adolescentes-e-reforca-defesa-da-protecao-integral","status":"publish","type":"post","link":"https:\/\/cress-ba.org.br\/?p=5608","title":{"rendered":"CFESS reafirma posicionamento contra retrocessos nos direitos de crian\u00e7as e adolescentes e refor\u00e7a defesa da prote\u00e7\u00e3o integral"},"content":{"rendered":"\n<p>O novo CFESS Manifesta alerta: \u00e9 preciso barrar o avan\u00e7o de propostas punitivistas que atacam os direitos de crian\u00e7as e adolescentes no Brasil. A publica\u00e7\u00e3o denuncia o contexto de regress\u00e3o nas pol\u00edticas p\u00fablicas, marcado por cortes de recursos e pela crescente influ\u00eancia de discursos moralistas, religiosos e repressivos que afrontam a prote\u00e7\u00e3o integral, defendida pelo Servi\u00e7o Social brasileiro.<\/p>\n\n\n\n<p><a href=\"https:\/\/www.cfess.org.br\/uploads\/revista\/5760\/cfessmanifesta2026-EmDefesaEcaFinal.pdf\" target=\"_blank\" rel=\"noreferrer noopener\"><strong>Leia o novo CFESS Manifesta!<\/strong><\/a><\/p>\n\n\n\n<p>Entre os principais pontos, o manifesto repudia o Projeto de Lei 1.473\/2025, que amplia o tempo de interna\u00e7\u00e3o de adolescentes em medidas socioeducativas, al\u00e9m de outras iniciativas que podem refor\u00e7ar uma l\u00f3gica punitivista.<\/p>\n\n\n\n<p>Assistentes sociais atuam nos territ\u00f3rios, nas pol\u00edticas sociais e na defesa concreta dos direitos humanos de crian\u00e7as e adolescentes. Seu papel \u00e9 estrat\u00e9gico tanto no atendimento direto quanto na incid\u00eancia pol\u00edtica e no controle social, inclusive com participa\u00e7\u00e3o ativa em espa\u00e7os como os conselhos de direitos.<\/p>\n\n\n\n<p>Por isso, \u00e9 essencial a articula\u00e7\u00e3o com movimentos sociais para mobilizar e pressionar o Congresso para barrar retrocessos, como tamb\u00e9m \u00e9 o caso das iniciativas de redu\u00e7\u00e3o da maioridade penal em tramita\u00e7\u00e3o.<\/p>\n\n\n\n<p>Nesse cen\u00e1rio, o CFESS Manifesta destaca tamb\u00e9m posi\u00e7\u00f5es hist\u00f3ricas e as delibera\u00e7\u00f5es do Conanda, onde possui assento, que reafirmam a centralidade da prote\u00e7\u00e3o integral e rejeitam qualquer tentativa de aproximar a socioeduca\u00e7\u00e3o da l\u00f3gica da seguran\u00e7a p\u00fablica.<\/p>\n\n\n\n<p>N\u00e3o \u00e0 redu\u00e7\u00e3o da maioridade penal e n\u00e3o ao aumento do tempo de interna\u00e7\u00e3o!<\/p>\n\n\n\n<p><a href=\"https:\/\/www.cfess.org.br\/uploads\/revista\/5760\/cfessmanifesta2026-EmDefesaEcaFinal.pdf\" target=\"_blank\" rel=\"noreferrer noopener\"><strong>Leia o novo CFESS Manifesta!<\/strong><\/a><\/p>\n\n\n\n<p><a href=\"https:\/\/www.youtube.com\/playlist?list=PLu2vSIDx006QcbHhbQqeDn2icjqQkSxa8\" target=\"_blank\" rel=\"noreferrer noopener\"><strong>Relembre como foi o Semin\u00e1rio De Servi\u00e7o Social em defesa das inf\u00e2ncias, adolesc\u00eancias e juventudes (2021)<\/strong><\/a><\/p>\n\n\n\n<p><strong>Data de publica\u00e7\u00e3o:<\/strong>\u00a027 de abril de 2026<br><strong>Fotos:<\/strong>\u00a0Rafael Werkema\/CFESS<br><strong>Cr\u00e9ditos:<\/strong>\u00a0Rafael Werkema\/CFESS<\/p>\n\n\n\n<figure class=\"wp-block-image size-large\"><img loading=\"lazy\" decoding=\"async\" width=\"768\" height=\"1024\" src=\"https:\/\/cress-ba.org.br\/wp-content\/uploads\/2026\/04\/684128500_1393701019466544_723521023951180237_n-768x1024.jpg\" alt=\"\" class=\"wp-image-5609\" srcset=\"https:\/\/cress-ba.org.br\/wp-content\/uploads\/2026\/04\/684128500_1393701019466544_723521023951180237_n-768x1024.jpg 768w, https:\/\/cress-ba.org.br\/wp-content\/uploads\/2026\/04\/684128500_1393701019466544_723521023951180237_n-225x300.jpg 225w, https:\/\/cress-ba.org.br\/wp-content\/uploads\/2026\/04\/684128500_1393701019466544_723521023951180237_n.jpg 1080w\" sizes=\"auto, (max-width: 768px) 100vw, 768px\" \/><\/figure>\n","protected":false},"excerpt":{"rendered":"<p>O novo CFESS Manifesta alerta: \u00e9 preciso barrar o avan\u00e7o de propostas punitivistas que atacam os direitos de crian\u00e7as e adolescentes no Brasil. A publica\u00e7\u00e3o denuncia o contexto de regress\u00e3o nas pol\u00edticas p\u00fablicas, marcado por cortes de recursos e pela crescente influ\u00eancia de discursos moralistas, religiosos e repressivos que afrontam a prote\u00e7\u00e3o integral, defendida pelo [&hellip;]<\/p>\n","protected":false},"author":2,"featured_media":5609,"comment_status":"open","ping_status":"open","sticky":false,"template":"","format":"standard","meta":{"footnotes":""},"categories":[1],"tags":[],"class_list":["post-5608","post","type-post","status-publish","format-standard","has-post-thumbnail","hentry","category-sem-categoria"],"_links":{"self":[{"href":"https:\/\/cress-ba.org.br\/index.php?rest_route=\/wp\/v2\/posts\/5608","targetHints":{"allow":["GET"]}}],"collection":[{"href":"https:\/\/cress-ba.org.br\/index.php?rest_route=\/wp\/v2\/posts"}],"about":[{"href":"https:\/\/cress-ba.org.br\/index.php?rest_route=\/wp\/v2\/types\/post"}],"author":[{"embeddable":true,"href":"https:\/\/cress-ba.org.br\/index.php?rest_route=\/wp\/v2\/users\/2"}],"replies":[{"embeddable":true,"href":"https:\/\/cress-ba.org.br\/index.php?rest_route=%2Fwp%2Fv2%2Fcomments&post=5608"}],"version-history":[{"count":1,"href":"https:\/\/cress-ba.org.br\/index.php?rest_route=\/wp\/v2\/posts\/5608\/revisions"}],"predecessor-version":[{"id":5610,"href":"https:\/\/cress-ba.org.br\/index.php?rest_route=\/wp\/v2\/posts\/5608\/revisions\/5610"}],"wp:featuredmedia":[{"embeddable":true,"href":"https:\/\/cress-ba.org.br\/index.php?rest_route=\/wp\/v2\/media\/5609"}],"wp:attachment":[{"href":"https:\/\/cress-ba.org.br\/index.php?rest_route=%2Fwp%2Fv2%2Fmedia&parent=5608"}],"wp:term":[{"taxonomy":"category","embeddable":true,"href":"https:\/\/cress-ba.org.br\/index.php?rest_route=%2Fwp%2Fv2%2Fcategories&post=5608"},{"taxonomy":"post_tag","embeddable":true,"href":"https:\/\/cress-ba.org.br\/index.php?rest_route=%2Fwp%2Fv2%2Ftags&post=5608"}],"curies":[{"name":"wp","href":"https:\/\/api.w.org\/{rel}","templated":true}]}}