{"id":5611,"date":"2026-04-27T20:43:18","date_gmt":"2026-04-27T23:43:18","guid":{"rendered":"https:\/\/cress-ba.org.br\/?p=5611"},"modified":"2026-04-27T20:43:18","modified_gmt":"2026-04-27T23:43:18","slug":"servico-social-em-defesa-da-arte-e-cultura","status":"publish","type":"post","link":"https:\/\/cress-ba.org.br\/?p=5611","title":{"rendered":"Servi\u00e7o Social em defesa da arte e cultura!"},"content":{"rendered":"\n<p>Como a arte e a cultura podem ser instrumentos de interven\u00e7\u00e3o e media\u00e7\u00e3o para o trabalho de assistentes sociais? Essa \u00e9 a reflex\u00e3o proposta pela nova publica\u00e7\u00e3o do CFESS \u201cServi\u00e7o Social em Defesa da Arte e Cultura\u201d.<\/p>\n\n\n\n<p><strong><a href=\"https:\/\/www.cfess.org.br\/uploads\/revista\/5752\/Cfess2026-DocumentoArteCultura.pdf\" target=\"_blank\" rel=\"noreferrer noopener\">Confira a nova publica\u00e7\u00e3o<\/a><\/strong><\/p>\n\n\n\n<p>O documento, fruto de delibera\u00e7\u00e3o da pr\u00f3pria categoria no 50\u00ba Encontro Nacional CFESS-CRESS (realizado em Bras\u00edlia, em 2023), que apontou a necessidade de debater e aprofundar o tema no \u00e2mbito da Seguridade Social, foi elaborado por um grupo de trabalho de assistentes sociais e contou com algumas de suas contribui\u00e7\u00f5es art\u00edsticas.<\/p>\n\n\n\n<p>O texto defende a arte e a cultura como dimens\u00f5es centrais da vida humana e instrumentos estrat\u00e9gicos no trabalho de assistentes sociais, com forte potencial educativo, cr\u00edtico e de transforma\u00e7\u00e3o da realidade.<\/p>\n\n\n\n<p>Embora frequentemente capturadas pela l\u00f3gica do mercado e reduzidas a mercadoria ou entretenimento, a arte e a cultura tamb\u00e9m s\u00e3o express\u00f5es da classe trabalhadora e espa\u00e7os de resist\u00eancia, capazes de denunciar desigualdades e fortalecer a consci\u00eancia cr\u00edtica.<\/p>\n\n\n\n<p>Por isso, o Servi\u00e7o Social defende que a pol\u00edtica de cultura seja p\u00fablica, democr\u00e1tica e popular, tratada como direito social, com acesso universal, descentraliza\u00e7\u00e3o de recursos, participa\u00e7\u00e3o popular e integra\u00e7\u00e3o com outras pol\u00edticas sociais.<\/p>\n\n\n\n<p>\u201cEsse material cumpre uma importante delibera\u00e7\u00e3o do Eixo de Seguridade Social. A produ\u00e7\u00e3o traz contribui\u00e7\u00f5es e amplia a nossa compreens\u00e3o de arte e da cultura n\u00e3o somente como resist\u00eancia, mas como media\u00e7\u00e3o para o processo de trabalho de assistentes sociais, como um direito humano e estrat\u00e9gia de transforma\u00e7\u00e3o social\u201d, explica a conselheira e coordenadora da comiss\u00e3o de Seguridade Social do CFESS, Alana Rodrigues.<\/p>\n\n\n\n<p>O documento prop\u00f5e ainda que arte e cultura sejam incorporadas de forma intencional ao trabalho cotidiano de assistentes sociais, como media\u00e7\u00f5es que ampliam o di\u00e1logo com a popula\u00e7\u00e3o, fortalecem processos educativos e contribuem para o enfrentamento das express\u00f5es da quest\u00e3o social.<\/p>\n\n\n\n<p>Sabe aquela capa ilustra\u00e7\u00e3o que d\u00e1 a cara do C\u00f3digo de \u00c9tica de Assistentes Sociais? \u00c9 arte, e das mais significativas!<\/p>\n\n\n\n<p><a href=\"https:\/\/www.cfess.org.br\/uploads\/revista\/5752\/Cfess2026-DocumentoArteCultura.pdf\" target=\"_blank\" rel=\"noreferrer noopener\"><strong><em><u>Confira o documento completo e o cartaz \u201cServi\u00e7o Social em Defesa da Arte e Cultura\u201d.<\/u><\/em><\/strong><\/a><\/p>\n\n\n\n<p><strong>Data de publica\u00e7\u00e3o:<\/strong>\u00a024 de abril de 2026<br><strong>Fotos:<\/strong>\u00a0Interven\u00e7\u00e3o gr\u00e1fica de Rafael Werkema sobre obras de Mindu, Sane e Evelyne Medeiros<br><strong>Cr\u00e9ditos:<\/strong>\u00a0Rafael Werkema\/CFESS<\/p>\n","protected":false},"excerpt":{"rendered":"<p>Como a arte e a cultura podem ser instrumentos de interven\u00e7\u00e3o e media\u00e7\u00e3o para o trabalho de assistentes sociais? Essa \u00e9 a reflex\u00e3o proposta pela nova publica\u00e7\u00e3o do CFESS \u201cServi\u00e7o Social em Defesa da Arte e Cultura\u201d. Confira a nova publica\u00e7\u00e3o O documento, fruto de delibera\u00e7\u00e3o da pr\u00f3pria categoria no 50\u00ba Encontro Nacional CFESS-CRESS (realizado [&hellip;]<\/p>\n","protected":false},"author":2,"featured_media":5612,"comment_status":"open","ping_status":"open","sticky":false,"template":"","format":"standard","meta":{"footnotes":""},"categories":[1],"tags":[],"class_list":["post-5611","post","type-post","status-publish","format-standard","has-post-thumbnail","hentry","category-sem-categoria"],"_links":{"self":[{"href":"https:\/\/cress-ba.org.br\/index.php?rest_route=\/wp\/v2\/posts\/5611","targetHints":{"allow":["GET"]}}],"collection":[{"href":"https:\/\/cress-ba.org.br\/index.php?rest_route=\/wp\/v2\/posts"}],"about":[{"href":"https:\/\/cress-ba.org.br\/index.php?rest_route=\/wp\/v2\/types\/post"}],"author":[{"embeddable":true,"href":"https:\/\/cress-ba.org.br\/index.php?rest_route=\/wp\/v2\/users\/2"}],"replies":[{"embeddable":true,"href":"https:\/\/cress-ba.org.br\/index.php?rest_route=%2Fwp%2Fv2%2Fcomments&post=5611"}],"version-history":[{"count":1,"href":"https:\/\/cress-ba.org.br\/index.php?rest_route=\/wp\/v2\/posts\/5611\/revisions"}],"predecessor-version":[{"id":5613,"href":"https:\/\/cress-ba.org.br\/index.php?rest_route=\/wp\/v2\/posts\/5611\/revisions\/5613"}],"wp:featuredmedia":[{"embeddable":true,"href":"https:\/\/cress-ba.org.br\/index.php?rest_route=\/wp\/v2\/media\/5612"}],"wp:attachment":[{"href":"https:\/\/cress-ba.org.br\/index.php?rest_route=%2Fwp%2Fv2%2Fmedia&parent=5611"}],"wp:term":[{"taxonomy":"category","embeddable":true,"href":"https:\/\/cress-ba.org.br\/index.php?rest_route=%2Fwp%2Fv2%2Fcategories&post=5611"},{"taxonomy":"post_tag","embeddable":true,"href":"https:\/\/cress-ba.org.br\/index.php?rest_route=%2Fwp%2Fv2%2Ftags&post=5611"}],"curies":[{"name":"wp","href":"https:\/\/api.w.org\/{rel}","templated":true}]}}